{"id":7859,"date":"2022-10-07T18:32:27","date_gmt":"2022-10-07T21:32:27","guid":{"rendered":"https:\/\/fotodepenis.com\/?p=7859"},"modified":"2022-10-07T18:32:27","modified_gmt":"2022-10-07T21:32:27","slug":"fotos-de-marcio-aguiar-pelado-na-g-magazine","status":"publish","type":"post","link":"https:\/\/fotodepenis.com\/famosos-nus\/fotos-de-marcio-aguiar-pelado-na-g-magazine\/","title":{"rendered":"Fotos de Marcio Aguiar pelado na G Magazine"},"content":{"rendered":"<p>O ex-dan\u00e7arino da cantora Carla Perez, Marcio Aguiar posou completamente pelado e mostrou o p\u00eanis gostoso na revista gay G Magazine. Inspirado no filme \u201cGrease \u2013 Nos tempos da Brilhantina\u201d, o bonit\u00e3o cativou o p\u00fablico gay e sua edi\u00e7\u00e3o vendeu muito.<\/p>\n<p>O ensaio do bonit\u00e3o foi disponibilizado nas bancas do Brasil em meados de fevereiro de 2003. O brasileiro mostrou o que tinha de melhor seu corpo sarado, seu pau pentelhudo e sua bunda deliciosa.<\/p>\n<p>As fotos de Marcio Aguiar pelado at\u00e9 hoje fazem sucesso nas redes sociais e nos sites gays.<\/p>\n<p style=\"text-align: center;\"><img loading=\"lazy\" decoding=\"async\" class=\"alignnone size-large wp-image-7861\" src=\"https:\/\/fotodepenis.com\/wp-content\/uploads\/2022\/10\/fotos-de-marcio-aguiar-o-dancarino-pelado-na-g-magazine-1.jpg\" alt=\"\" width=\"478\" height=\"640\" srcset=\"https:\/\/fotodepenis.com\/wp-content\/uploads\/2022\/10\/fotos-de-marcio-aguiar-o-dancarino-pelado-na-g-magazine-1.jpg 478w, https:\/\/fotodepenis.com\/wp-content\/uploads\/2022\/10\/fotos-de-marcio-aguiar-o-dancarino-pelado-na-g-magazine-1-224x300.jpg 224w\" sizes=\"auto, (max-width: 478px) 100vw, 478px\" \/> <img loading=\"lazy\" decoding=\"async\" class=\"alignnone size-large wp-image-7862\" src=\"https:\/\/fotodepenis.com\/wp-content\/uploads\/2022\/10\/fotos-de-marcio-aguiar-o-dancarino-pelado-na-g-magazine-2.jpg\" alt=\"\" width=\"535\" height=\"485\" srcset=\"https:\/\/fotodepenis.com\/wp-content\/uploads\/2022\/10\/fotos-de-marcio-aguiar-o-dancarino-pelado-na-g-magazine-2.jpg 535w, https:\/\/fotodepenis.com\/wp-content\/uploads\/2022\/10\/fotos-de-marcio-aguiar-o-dancarino-pelado-na-g-magazine-2-300x272.jpg 300w\" sizes=\"auto, (max-width: 535px) 100vw, 535px\" \/> <img loading=\"lazy\" decoding=\"async\" class=\"alignnone size-large wp-image-7863\" src=\"https:\/\/fotodepenis.com\/wp-content\/uploads\/2022\/10\/fotos-de-marcio-aguiar-o-dancarino-pelado-na-g-magazine-3.jpg\" alt=\"\" width=\"535\" height=\"485\" srcset=\"https:\/\/fotodepenis.com\/wp-content\/uploads\/2022\/10\/fotos-de-marcio-aguiar-o-dancarino-pelado-na-g-magazine-3.jpg 535w, https:\/\/fotodepenis.com\/wp-content\/uploads\/2022\/10\/fotos-de-marcio-aguiar-o-dancarino-pelado-na-g-magazine-3-300x272.jpg 300w\" sizes=\"auto, (max-width: 535px) 100vw, 535px\" \/> <img loading=\"lazy\" decoding=\"async\" class=\"alignnone size-large wp-image-7864\" src=\"https:\/\/fotodepenis.com\/wp-content\/uploads\/2022\/10\/fotos-de-marcio-aguiar-o-dancarino-pelado-na-g-magazine-4.jpg\" alt=\"\" width=\"535\" height=\"485\" srcset=\"https:\/\/fotodepenis.com\/wp-content\/uploads\/2022\/10\/fotos-de-marcio-aguiar-o-dancarino-pelado-na-g-magazine-4.jpg 535w, https:\/\/fotodepenis.com\/wp-content\/uploads\/2022\/10\/fotos-de-marcio-aguiar-o-dancarino-pelado-na-g-magazine-4-300x272.jpg 300w\" sizes=\"auto, (max-width: 535px) 100vw, 535px\" \/> <img loading=\"lazy\" decoding=\"async\" class=\"alignnone size-large wp-image-7865\" src=\"https:\/\/fotodepenis.com\/wp-content\/uploads\/2022\/10\/fotos-de-marcio-aguiar-o-dancarino-pelado-na-g-magazine-5.jpg\" alt=\"\" width=\"535\" height=\"485\" srcset=\"https:\/\/fotodepenis.com\/wp-content\/uploads\/2022\/10\/fotos-de-marcio-aguiar-o-dancarino-pelado-na-g-magazine-5.jpg 535w, https:\/\/fotodepenis.com\/wp-content\/uploads\/2022\/10\/fotos-de-marcio-aguiar-o-dancarino-pelado-na-g-magazine-5-300x272.jpg 300w\" sizes=\"auto, (max-width: 535px) 100vw, 535px\" \/> <img loading=\"lazy\" decoding=\"async\" class=\"alignnone size-large wp-image-7866\" src=\"https:\/\/fotodepenis.com\/wp-content\/uploads\/2022\/10\/fotos-de-marcio-aguiar-o-dancarino-pelado-na-g-magazine-6.jpg\" alt=\"\" width=\"535\" height=\"485\" srcset=\"https:\/\/fotodepenis.com\/wp-content\/uploads\/2022\/10\/fotos-de-marcio-aguiar-o-dancarino-pelado-na-g-magazine-6.jpg 535w, https:\/\/fotodepenis.com\/wp-content\/uploads\/2022\/10\/fotos-de-marcio-aguiar-o-dancarino-pelado-na-g-magazine-6-300x272.jpg 300w\" sizes=\"auto, (max-width: 535px) 100vw, 535px\" \/> <img loading=\"lazy\" decoding=\"async\" class=\"alignnone size-large wp-image-7867\" src=\"https:\/\/fotodepenis.com\/wp-content\/uploads\/2022\/10\/fotos-de-marcio-aguiar-o-dancarino-pelado-na-g-magazine-7.jpg\" alt=\"\" width=\"535\" height=\"485\" srcset=\"https:\/\/fotodepenis.com\/wp-content\/uploads\/2022\/10\/fotos-de-marcio-aguiar-o-dancarino-pelado-na-g-magazine-7.jpg 535w, https:\/\/fotodepenis.com\/wp-content\/uploads\/2022\/10\/fotos-de-marcio-aguiar-o-dancarino-pelado-na-g-magazine-7-300x272.jpg 300w\" sizes=\"auto, (max-width: 535px) 100vw, 535px\" \/> <img loading=\"lazy\" decoding=\"async\" class=\"alignnone size-large wp-image-7868\" src=\"https:\/\/fotodepenis.com\/wp-content\/uploads\/2022\/10\/fotos-de-marcio-aguiar-o-dancarino-pelado-na-g-magazine-8.jpg\" alt=\"\" width=\"535\" height=\"485\" srcset=\"https:\/\/fotodepenis.com\/wp-content\/uploads\/2022\/10\/fotos-de-marcio-aguiar-o-dancarino-pelado-na-g-magazine-8.jpg 535w, https:\/\/fotodepenis.com\/wp-content\/uploads\/2022\/10\/fotos-de-marcio-aguiar-o-dancarino-pelado-na-g-magazine-8-300x272.jpg 300w\" sizes=\"auto, (max-width: 535px) 100vw, 535px\" \/> <img loading=\"lazy\" decoding=\"async\" class=\"alignnone size-large wp-image-7869\" src=\"https:\/\/fotodepenis.com\/wp-content\/uploads\/2022\/10\/fotos-de-marcio-aguiar-o-dancarino-pelado-na-g-magazine-9.jpg\" alt=\"\" width=\"535\" height=\"485\" srcset=\"https:\/\/fotodepenis.com\/wp-content\/uploads\/2022\/10\/fotos-de-marcio-aguiar-o-dancarino-pelado-na-g-magazine-9.jpg 535w, https:\/\/fotodepenis.com\/wp-content\/uploads\/2022\/10\/fotos-de-marcio-aguiar-o-dancarino-pelado-na-g-magazine-9-300x272.jpg 300w\" sizes=\"auto, (max-width: 535px) 100vw, 535px\" \/> <img loading=\"lazy\" decoding=\"async\" class=\"alignnone size-large wp-image-7870\" src=\"https:\/\/fotodepenis.com\/wp-content\/uploads\/2022\/10\/fotos-de-marcio-aguiar-o-dancarino-pelado-na-g-magazine-10.jpg\" alt=\"\" width=\"535\" height=\"485\" srcset=\"https:\/\/fotodepenis.com\/wp-content\/uploads\/2022\/10\/fotos-de-marcio-aguiar-o-dancarino-pelado-na-g-magazine-10.jpg 535w, https:\/\/fotodepenis.com\/wp-content\/uploads\/2022\/10\/fotos-de-marcio-aguiar-o-dancarino-pelado-na-g-magazine-10-300x272.jpg 300w\" sizes=\"auto, (max-width: 535px) 100vw, 535px\" \/> <img loading=\"lazy\" decoding=\"async\" class=\"alignnone size-large wp-image-7871\" src=\"https:\/\/fotodepenis.com\/wp-content\/uploads\/2022\/10\/fotos-de-marcio-aguiar-o-dancarino-pelado-na-g-magazine-11.jpg\" alt=\"\" width=\"535\" height=\"485\" srcset=\"https:\/\/fotodepenis.com\/wp-content\/uploads\/2022\/10\/fotos-de-marcio-aguiar-o-dancarino-pelado-na-g-magazine-11.jpg 535w, https:\/\/fotodepenis.com\/wp-content\/uploads\/2022\/10\/fotos-de-marcio-aguiar-o-dancarino-pelado-na-g-magazine-11-300x272.jpg 300w\" sizes=\"auto, (max-width: 535px) 100vw, 535px\" \/> <img loading=\"lazy\" decoding=\"async\" class=\"alignnone size-large wp-image-7872\" src=\"https:\/\/fotodepenis.com\/wp-content\/uploads\/2022\/10\/fotos-de-marcio-aguiar-o-dancarino-pelado-na-g-magazine-12.jpg\" alt=\"\" width=\"535\" height=\"485\" srcset=\"https:\/\/fotodepenis.com\/wp-content\/uploads\/2022\/10\/fotos-de-marcio-aguiar-o-dancarino-pelado-na-g-magazine-12.jpg 535w, https:\/\/fotodepenis.com\/wp-content\/uploads\/2022\/10\/fotos-de-marcio-aguiar-o-dancarino-pelado-na-g-magazine-12-300x272.jpg 300w\" sizes=\"auto, (max-width: 535px) 100vw, 535px\" \/> <img loading=\"lazy\" decoding=\"async\" class=\"alignnone size-large wp-image-7873\" src=\"https:\/\/fotodepenis.com\/wp-content\/uploads\/2022\/10\/fotos-de-marcio-aguiar-o-dancarino-pelado-na-g-magazine-13.jpg\" alt=\"\" width=\"535\" height=\"485\" srcset=\"https:\/\/fotodepenis.com\/wp-content\/uploads\/2022\/10\/fotos-de-marcio-aguiar-o-dancarino-pelado-na-g-magazine-13.jpg 535w, https:\/\/fotodepenis.com\/wp-content\/uploads\/2022\/10\/fotos-de-marcio-aguiar-o-dancarino-pelado-na-g-magazine-13-300x272.jpg 300w\" sizes=\"auto, (max-width: 535px) 100vw, 535px\" \/> <img loading=\"lazy\" decoding=\"async\" class=\"alignnone size-large wp-image-7874\" src=\"https:\/\/fotodepenis.com\/wp-content\/uploads\/2022\/10\/fotos-de-marcio-aguiar-o-dancarino-pelado-na-g-magazine-14.jpg\" alt=\"\" width=\"433\" height=\"640\" srcset=\"https:\/\/fotodepenis.com\/wp-content\/uploads\/2022\/10\/fotos-de-marcio-aguiar-o-dancarino-pelado-na-g-magazine-14.jpg 433w, https:\/\/fotodepenis.com\/wp-content\/uploads\/2022\/10\/fotos-de-marcio-aguiar-o-dancarino-pelado-na-g-magazine-14-203x300.jpg 203w\" sizes=\"auto, (max-width: 433px) 100vw, 433px\" \/> <img loading=\"lazy\" decoding=\"async\" class=\"alignnone size-large wp-image-7875\" src=\"https:\/\/fotodepenis.com\/wp-content\/uploads\/2022\/10\/fotos-de-marcio-aguiar-o-dancarino-pelado-na-g-magazine-15.jpg\" alt=\"\" width=\"375\" height=\"640\" srcset=\"https:\/\/fotodepenis.com\/wp-content\/uploads\/2022\/10\/fotos-de-marcio-aguiar-o-dancarino-pelado-na-g-magazine-15.jpg 375w, https:\/\/fotodepenis.com\/wp-content\/uploads\/2022\/10\/fotos-de-marcio-aguiar-o-dancarino-pelado-na-g-magazine-15-176x300.jpg 176w\" sizes=\"auto, (max-width: 375px) 100vw, 375px\" \/> <img loading=\"lazy\" decoding=\"async\" class=\"alignnone size-large wp-image-7876\" src=\"https:\/\/fotodepenis.com\/wp-content\/uploads\/2022\/10\/fotos-de-marcio-aguiar-o-dancarino-pelado-na-g-magazine-16.jpg\" alt=\"\" width=\"303\" height=\"640\" srcset=\"https:\/\/fotodepenis.com\/wp-content\/uploads\/2022\/10\/fotos-de-marcio-aguiar-o-dancarino-pelado-na-g-magazine-16.jpg 303w, https:\/\/fotodepenis.com\/wp-content\/uploads\/2022\/10\/fotos-de-marcio-aguiar-o-dancarino-pelado-na-g-magazine-16-142x300.jpg 142w\" sizes=\"auto, (max-width: 303px) 100vw, 303px\" \/> <img loading=\"lazy\" decoding=\"async\" class=\"alignnone size-large wp-image-7877\" src=\"https:\/\/fotodepenis.com\/wp-content\/uploads\/2022\/10\/fotos-de-marcio-aguiar-o-dancarino-pelado-na-g-magazine-17.jpg\" alt=\"\" width=\"460\" height=\"640\" srcset=\"https:\/\/fotodepenis.com\/wp-content\/uploads\/2022\/10\/fotos-de-marcio-aguiar-o-dancarino-pelado-na-g-magazine-17.jpg 460w, https:\/\/fotodepenis.com\/wp-content\/uploads\/2022\/10\/fotos-de-marcio-aguiar-o-dancarino-pelado-na-g-magazine-17-216x300.jpg 216w\" sizes=\"auto, (max-width: 460px) 100vw, 460px\" \/> <img loading=\"lazy\" decoding=\"async\" class=\"alignnone size-large wp-image-7878\" src=\"https:\/\/fotodepenis.com\/wp-content\/uploads\/2022\/10\/fotos-de-marcio-aguiar-o-dancarino-pelado-na-g-magazine-18.jpg\" alt=\"\" width=\"448\" height=\"640\" srcset=\"https:\/\/fotodepenis.com\/wp-content\/uploads\/2022\/10\/fotos-de-marcio-aguiar-o-dancarino-pelado-na-g-magazine-18.jpg 448w, https:\/\/fotodepenis.com\/wp-content\/uploads\/2022\/10\/fotos-de-marcio-aguiar-o-dancarino-pelado-na-g-magazine-18-210x300.jpg 210w\" sizes=\"auto, (max-width: 448px) 100vw, 448px\" \/> <img loading=\"lazy\" decoding=\"async\" class=\"alignnone size-large wp-image-7879\" src=\"https:\/\/fotodepenis.com\/wp-content\/uploads\/2022\/10\/fotos-de-marcio-aguiar-o-dancarino-pelado-na-g-magazine-19.jpg\" alt=\"\" width=\"458\" height=\"640\" srcset=\"https:\/\/fotodepenis.com\/wp-content\/uploads\/2022\/10\/fotos-de-marcio-aguiar-o-dancarino-pelado-na-g-magazine-19.jpg 458w, https:\/\/fotodepenis.com\/wp-content\/uploads\/2022\/10\/fotos-de-marcio-aguiar-o-dancarino-pelado-na-g-magazine-19-215x300.jpg 215w\" sizes=\"auto, (max-width: 458px) 100vw, 458px\" \/> <img loading=\"lazy\" decoding=\"async\" class=\"alignnone size-large wp-image-7880\" src=\"https:\/\/fotodepenis.com\/wp-content\/uploads\/2022\/10\/fotos-de-marcio-aguiar-o-dancarino-pelado-na-g-magazine-20.jpg\" alt=\"\" width=\"417\" height=\"640\" srcset=\"https:\/\/fotodepenis.com\/wp-content\/uploads\/2022\/10\/fotos-de-marcio-aguiar-o-dancarino-pelado-na-g-magazine-20.jpg 417w, https:\/\/fotodepenis.com\/wp-content\/uploads\/2022\/10\/fotos-de-marcio-aguiar-o-dancarino-pelado-na-g-magazine-20-195x300.jpg 195w\" sizes=\"auto, (max-width: 417px) 100vw, 417px\" \/> <img loading=\"lazy\" decoding=\"async\" class=\"alignnone size-large wp-image-7881\" src=\"https:\/\/fotodepenis.com\/wp-content\/uploads\/2022\/10\/fotos-de-marcio-aguiar-o-dancarino-pelado-na-g-magazine-21.jpg\" alt=\"\" width=\"626\" height=\"640\" srcset=\"https:\/\/fotodepenis.com\/wp-content\/uploads\/2022\/10\/fotos-de-marcio-aguiar-o-dancarino-pelado-na-g-magazine-21.jpg 626w, https:\/\/fotodepenis.com\/wp-content\/uploads\/2022\/10\/fotos-de-marcio-aguiar-o-dancarino-pelado-na-g-magazine-21-293x300.jpg 293w\" sizes=\"auto, (max-width: 626px) 100vw, 626px\" \/> <img loading=\"lazy\" decoding=\"async\" class=\"alignnone size-large wp-image-7882\" src=\"https:\/\/fotodepenis.com\/wp-content\/uploads\/2022\/10\/fotos-de-marcio-aguiar-o-dancarino-pelado-na-g-magazine-22.jpg\" alt=\"\" width=\"282\" height=\"640\" srcset=\"https:\/\/fotodepenis.com\/wp-content\/uploads\/2022\/10\/fotos-de-marcio-aguiar-o-dancarino-pelado-na-g-magazine-22.jpg 282w, https:\/\/fotodepenis.com\/wp-content\/uploads\/2022\/10\/fotos-de-marcio-aguiar-o-dancarino-pelado-na-g-magazine-22-132x300.jpg 132w\" sizes=\"auto, (max-width: 282px) 100vw, 282px\" \/> <img loading=\"lazy\" decoding=\"async\" class=\"alignnone size-large wp-image-7883\" src=\"https:\/\/fotodepenis.com\/wp-content\/uploads\/2022\/10\/fotos-de-marcio-aguiar-o-dancarino-pelado-na-g-magazine-23.jpg\" alt=\"\" width=\"282\" height=\"640\" srcset=\"https:\/\/fotodepenis.com\/wp-content\/uploads\/2022\/10\/fotos-de-marcio-aguiar-o-dancarino-pelado-na-g-magazine-23.jpg 282w, https:\/\/fotodepenis.com\/wp-content\/uploads\/2022\/10\/fotos-de-marcio-aguiar-o-dancarino-pelado-na-g-magazine-23-132x300.jpg 132w\" sizes=\"auto, (max-width: 282px) 100vw, 282px\" \/> <img loading=\"lazy\" decoding=\"async\" class=\"alignnone size-large wp-image-7884\" src=\"https:\/\/fotodepenis.com\/wp-content\/uploads\/2022\/10\/fotos-de-marcio-aguiar-o-dancarino-pelado-na-g-magazine-24.jpg\" alt=\"\" width=\"345\" height=\"640\" srcset=\"https:\/\/fotodepenis.com\/wp-content\/uploads\/2022\/10\/fotos-de-marcio-aguiar-o-dancarino-pelado-na-g-magazine-24.jpg 345w, https:\/\/fotodepenis.com\/wp-content\/uploads\/2022\/10\/fotos-de-marcio-aguiar-o-dancarino-pelado-na-g-magazine-24-162x300.jpg 162w\" sizes=\"auto, (max-width: 345px) 100vw, 345px\" \/> <img loading=\"lazy\" decoding=\"async\" class=\"alignnone size-large wp-image-7885\" src=\"https:\/\/fotodepenis.com\/wp-content\/uploads\/2022\/10\/fotos-de-marcio-aguiar-o-dancarino-pelado-na-g-magazine-25.jpg\" alt=\"\" width=\"285\" height=\"640\" srcset=\"https:\/\/fotodepenis.com\/wp-content\/uploads\/2022\/10\/fotos-de-marcio-aguiar-o-dancarino-pelado-na-g-magazine-25.jpg 285w, https:\/\/fotodepenis.com\/wp-content\/uploads\/2022\/10\/fotos-de-marcio-aguiar-o-dancarino-pelado-na-g-magazine-25-134x300.jpg 134w\" sizes=\"auto, (max-width: 285px) 100vw, 285px\" \/> <img loading=\"lazy\" decoding=\"async\" class=\"alignnone size-large wp-image-7886\" src=\"https:\/\/fotodepenis.com\/wp-content\/uploads\/2022\/10\/fotos-de-marcio-aguiar-o-dancarino-pelado-na-g-magazine-26.jpg\" alt=\"\" width=\"415\" height=\"640\" srcset=\"https:\/\/fotodepenis.com\/wp-content\/uploads\/2022\/10\/fotos-de-marcio-aguiar-o-dancarino-pelado-na-g-magazine-26.jpg 415w, https:\/\/fotodepenis.com\/wp-content\/uploads\/2022\/10\/fotos-de-marcio-aguiar-o-dancarino-pelado-na-g-magazine-26-195x300.jpg 195w\" sizes=\"auto, (max-width: 415px) 100vw, 415px\" \/> <img loading=\"lazy\" decoding=\"async\" class=\"alignnone size-large wp-image-7887\" src=\"https:\/\/fotodepenis.com\/wp-content\/uploads\/2022\/10\/fotos-de-marcio-aguiar-o-dancarino-pelado-na-g-magazine-27.jpg\" alt=\"\" width=\"403\" height=\"640\" srcset=\"https:\/\/fotodepenis.com\/wp-content\/uploads\/2022\/10\/fotos-de-marcio-aguiar-o-dancarino-pelado-na-g-magazine-27.jpg 403w, https:\/\/fotodepenis.com\/wp-content\/uploads\/2022\/10\/fotos-de-marcio-aguiar-o-dancarino-pelado-na-g-magazine-27-189x300.jpg 189w\" sizes=\"auto, (max-width: 403px) 100vw, 403px\" \/> <img loading=\"lazy\" decoding=\"async\" class=\"alignnone size-large wp-image-7888\" src=\"https:\/\/fotodepenis.com\/wp-content\/uploads\/2022\/10\/fotos-de-marcio-aguiar-o-dancarino-pelado-na-g-magazine-28.jpg\" alt=\"\" width=\"445\" height=\"640\" srcset=\"https:\/\/fotodepenis.com\/wp-content\/uploads\/2022\/10\/fotos-de-marcio-aguiar-o-dancarino-pelado-na-g-magazine-28.jpg 445w, https:\/\/fotodepenis.com\/wp-content\/uploads\/2022\/10\/fotos-de-marcio-aguiar-o-dancarino-pelado-na-g-magazine-28-209x300.jpg 209w\" sizes=\"auto, (max-width: 445px) 100vw, 445px\" \/> <img loading=\"lazy\" decoding=\"async\" class=\"alignnone size-large wp-image-7889\" src=\"https:\/\/fotodepenis.com\/wp-content\/uploads\/2022\/10\/fotos-de-marcio-aguiar-o-dancarino-pelado-na-g-magazine-29.jpg\" alt=\"\" width=\"465\" height=\"640\" srcset=\"https:\/\/fotodepenis.com\/wp-content\/uploads\/2022\/10\/fotos-de-marcio-aguiar-o-dancarino-pelado-na-g-magazine-29.jpg 465w, https:\/\/fotodepenis.com\/wp-content\/uploads\/2022\/10\/fotos-de-marcio-aguiar-o-dancarino-pelado-na-g-magazine-29-218x300.jpg 218w\" sizes=\"auto, (max-width: 465px) 100vw, 465px\" \/><\/p>\n<p>Somente aqui voc\u00ea encontra todos os ensaios da revista gay G Magazine.<\/p>\n","protected":false},"excerpt":{"rendered":"<p>O ex-dan\u00e7arino da cantora Carla Perez, Marcio Aguiar posou completamente pelado e mostrou o p\u00eanis gostoso na revista gay G Magazine. Inspirado no filme \u201cGrease \u2013 Nos tempos da Brilhantina\u201d,&#8230;.<\/p>\n","protected":false},"author":1,"featured_media":7860,"comment_status":"closed","ping_status":"closed","sticky":false,"template":"","format":"standard","meta":{"footnotes":"","_links_to":"","_links_to_target":""},"categories":[6],"tags":[11,9,53],"class_list":["post-7859","post","type-post","status-publish","format-standard","has-post-thumbnail","hentry","category-famosos-nus","tag-famosos-pelados","tag-fotos-de-rolas","tag-g-magazine"],"yoast_head":"<!-- This site is optimized with the Yoast SEO plugin v27.2 - https:\/\/yoast.com\/product\/yoast-seo-wordpress\/ -->\n<title>Fotos de Marcio Aguiar pelado na G Magazine - Foto de Penis<\/title>\n<meta name=\"description\" content=\"O ex-dan\u00e7arino da cantora Carla Perez, Marcio Aguiar posou completamente pelado e mostrou o p\u00eanis gostoso na revista gay G Magazine.\" \/>\n<meta name=\"robots\" content=\"index, follow, max-snippet:-1, max-image-preview:large, max-video-preview:-1\" \/>\n<link rel=\"canonical\" href=\"https:\/\/fotodepenis.com\/famosos-nus\/fotos-de-marcio-aguiar-pelado-na-g-magazine\/\" \/>\n<meta property=\"og:locale\" content=\"pt_BR\" \/>\n<meta property=\"og:type\" content=\"article\" \/>\n<meta property=\"og:title\" content=\"Fotos de Marcio Aguiar pelado na G Magazine - Foto de Penis\" \/>\n<meta property=\"og:description\" content=\"O ex-dan\u00e7arino da cantora Carla Perez, Marcio Aguiar posou completamente pelado e mostrou o p\u00eanis gostoso na revista gay G Magazine.\" \/>\n<meta property=\"og:url\" content=\"https:\/\/fotodepenis.com\/famosos-nus\/fotos-de-marcio-aguiar-pelado-na-g-magazine\/\" \/>\n<meta property=\"og:site_name\" content=\"Foto de Penis\" \/>\n<meta property=\"article:published_time\" content=\"2022-10-07T21:32:27+00:00\" \/>\n<meta property=\"og:image\" content=\"https:\/\/fotodepenis.com\/wp-content\/uploads\/2022\/10\/fotos-de-marcio-aguiar-o-dancarino-pelado-na-g-magazine.jpg\" \/>\n\t<meta property=\"og:image:width\" content=\"580\" \/>\n\t<meta property=\"og:image:height\" content=\"387\" \/>\n\t<meta property=\"og:image:type\" content=\"image\/jpeg\" \/>\n<meta name=\"author\" content=\"Homens Pelados\" \/>\n<meta name=\"twitter:card\" content=\"summary_large_image\" \/>\n<meta name=\"twitter:label1\" content=\"Escrito por\" \/>\n\t<meta name=\"twitter:data1\" content=\"Homens Pelados\" \/>\n\t<meta name=\"twitter:label2\" content=\"Est. tempo de leitura\" \/>\n\t<meta name=\"twitter:data2\" content=\"7 minutos\" \/>\n<script type=\"application\/ld+json\" class=\"yoast-schema-graph\">{\"@context\":\"https:\/\/schema.org\",\"@graph\":[{\"@type\":\"Article\",\"@id\":\"https:\/\/fotodepenis.com\/famosos-nus\/fotos-de-marcio-aguiar-pelado-na-g-magazine\/#article\",\"isPartOf\":{\"@id\":\"https:\/\/fotodepenis.com\/famosos-nus\/fotos-de-marcio-aguiar-pelado-na-g-magazine\/\"},\"author\":{\"name\":\"Homens Pelados\",\"@id\":\"https:\/\/fotodepenis.com\/#\/schema\/person\/b134975191178c742f767879079e08e5\"},\"headline\":\"Fotos de Marcio Aguiar pelado na G Magazine\",\"datePublished\":\"2022-10-07T21:32:27+00:00\",\"mainEntityOfPage\":{\"@id\":\"https:\/\/fotodepenis.com\/famosos-nus\/fotos-de-marcio-aguiar-pelado-na-g-magazine\/\"},\"wordCount\":116,\"image\":{\"@id\":\"https:\/\/fotodepenis.com\/famosos-nus\/fotos-de-marcio-aguiar-pelado-na-g-magazine\/#primaryimage\"},\"thumbnailUrl\":\"https:\/\/fotodepenis.com\/wp-content\/uploads\/2022\/10\/fotos-de-marcio-aguiar-o-dancarino-pelado-na-g-magazine.jpg\",\"keywords\":[\"Famosos Pelados\",\"Fotos de Rolas\",\"G Magazine\"],\"articleSection\":[\"Famosos nus\"],\"inLanguage\":\"pt-BR\"},{\"@type\":\"WebPage\",\"@id\":\"https:\/\/fotodepenis.com\/famosos-nus\/fotos-de-marcio-aguiar-pelado-na-g-magazine\/\",\"url\":\"https:\/\/fotodepenis.com\/famosos-nus\/fotos-de-marcio-aguiar-pelado-na-g-magazine\/\",\"name\":\"Fotos de Marcio Aguiar pelado na G Magazine - Foto de Penis\",\"isPartOf\":{\"@id\":\"https:\/\/fotodepenis.com\/#website\"},\"primaryImageOfPage\":{\"@id\":\"https:\/\/fotodepenis.com\/famosos-nus\/fotos-de-marcio-aguiar-pelado-na-g-magazine\/#primaryimage\"},\"image\":{\"@id\":\"https:\/\/fotodepenis.com\/famosos-nus\/fotos-de-marcio-aguiar-pelado-na-g-magazine\/#primaryimage\"},\"thumbnailUrl\":\"https:\/\/fotodepenis.com\/wp-content\/uploads\/2022\/10\/fotos-de-marcio-aguiar-o-dancarino-pelado-na-g-magazine.jpg\",\"datePublished\":\"2022-10-07T21:32:27+00:00\",\"author\":{\"@id\":\"https:\/\/fotodepenis.com\/#\/schema\/person\/b134975191178c742f767879079e08e5\"},\"description\":\"O ex-dan\u00e7arino da cantora Carla Perez, Marcio Aguiar posou completamente pelado e mostrou o p\u00eanis gostoso na revista gay G Magazine.\",\"breadcrumb\":{\"@id\":\"https:\/\/fotodepenis.com\/famosos-nus\/fotos-de-marcio-aguiar-pelado-na-g-magazine\/#breadcrumb\"},\"inLanguage\":\"pt-BR\",\"potentialAction\":[{\"@type\":\"ReadAction\",\"target\":[\"https:\/\/fotodepenis.com\/famosos-nus\/fotos-de-marcio-aguiar-pelado-na-g-magazine\/\"]}]},{\"@type\":\"ImageObject\",\"inLanguage\":\"pt-BR\",\"@id\":\"https:\/\/fotodepenis.com\/famosos-nus\/fotos-de-marcio-aguiar-pelado-na-g-magazine\/#primaryimage\",\"url\":\"https:\/\/fotodepenis.com\/wp-content\/uploads\/2022\/10\/fotos-de-marcio-aguiar-o-dancarino-pelado-na-g-magazine.jpg\",\"contentUrl\":\"https:\/\/fotodepenis.com\/wp-content\/uploads\/2022\/10\/fotos-de-marcio-aguiar-o-dancarino-pelado-na-g-magazine.jpg\",\"width\":580,\"height\":387,\"caption\":\"Fotos de Marcio Aguiar pelado na G Magazine\"},{\"@type\":\"BreadcrumbList\",\"@id\":\"https:\/\/fotodepenis.com\/famosos-nus\/fotos-de-marcio-aguiar-pelado-na-g-magazine\/#breadcrumb\",\"itemListElement\":[{\"@type\":\"ListItem\",\"position\":1,\"name\":\"In\u00edcio\",\"item\":\"https:\/\/fotodepenis.com\/\"},{\"@type\":\"ListItem\",\"position\":2,\"name\":\"Famosos nus\",\"item\":\"https:\/\/fotodepenis.com\/famosos-nus\/\"},{\"@type\":\"ListItem\",\"position\":3,\"name\":\"Fotos de Marcio Aguiar pelado na G Magazine\"}]},{\"@type\":\"WebSite\",\"@id\":\"https:\/\/fotodepenis.com\/#website\",\"url\":\"https:\/\/fotodepenis.com\/\",\"name\":\"Foto de Penis\",\"description\":\"Homens Pelados, Famosos nus, Foto de Pau\",\"potentialAction\":[{\"@type\":\"SearchAction\",\"target\":{\"@type\":\"EntryPoint\",\"urlTemplate\":\"https:\/\/fotodepenis.com\/?s={search_term_string}\"},\"query-input\":{\"@type\":\"PropertyValueSpecification\",\"valueRequired\":true,\"valueName\":\"search_term_string\"}}],\"inLanguage\":\"pt-BR\"},{\"@type\":\"Person\",\"@id\":\"https:\/\/fotodepenis.com\/#\/schema\/person\/b134975191178c742f767879079e08e5\",\"name\":\"Homens Pelados\",\"image\":{\"@type\":\"ImageObject\",\"inLanguage\":\"pt-BR\",\"@id\":\"https:\/\/secure.gravatar.com\/avatar\/5e3c69029b825f9d3e95b5a21032e2935c6575f7b5ab42c97a483ceaadd660e2?s=96&d=mm&r=g\",\"url\":\"https:\/\/secure.gravatar.com\/avatar\/5e3c69029b825f9d3e95b5a21032e2935c6575f7b5ab42c97a483ceaadd660e2?s=96&d=mm&r=g\",\"contentUrl\":\"https:\/\/secure.gravatar.com\/avatar\/5e3c69029b825f9d3e95b5a21032e2935c6575f7b5ab42c97a483ceaadd660e2?s=96&d=mm&r=g\",\"caption\":\"Homens Pelados\"},\"sameAs\":[\"https:\/\/fotodepenis.com\"]}]}<\/script>\n<!-- \/ Yoast SEO plugin. -->","yoast_head_json":{"title":"Fotos de Marcio Aguiar pelado na G Magazine - Foto de Penis","description":"O ex-dan\u00e7arino da cantora Carla Perez, Marcio Aguiar posou completamente pelado e mostrou o p\u00eanis gostoso na revista gay G Magazine.","robots":{"index":"index","follow":"follow","max-snippet":"max-snippet:-1","max-image-preview":"max-image-preview:large","max-video-preview":"max-video-preview:-1"},"canonical":"https:\/\/fotodepenis.com\/famosos-nus\/fotos-de-marcio-aguiar-pelado-na-g-magazine\/","og_locale":"pt_BR","og_type":"article","og_title":"Fotos de Marcio Aguiar pelado na G Magazine - Foto de Penis","og_description":"O ex-dan\u00e7arino da cantora Carla Perez, Marcio Aguiar posou completamente pelado e mostrou o p\u00eanis gostoso na revista gay G Magazine.","og_url":"https:\/\/fotodepenis.com\/famosos-nus\/fotos-de-marcio-aguiar-pelado-na-g-magazine\/","og_site_name":"Foto de Penis","article_published_time":"2022-10-07T21:32:27+00:00","og_image":[{"width":580,"height":387,"url":"https:\/\/fotodepenis.com\/wp-content\/uploads\/2022\/10\/fotos-de-marcio-aguiar-o-dancarino-pelado-na-g-magazine.jpg","type":"image\/jpeg"}],"author":"Homens Pelados","twitter_card":"summary_large_image","twitter_misc":{"Escrito por":"Homens Pelados","Est. tempo de leitura":"7 minutos"},"schema":{"@context":"https:\/\/schema.org","@graph":[{"@type":"Article","@id":"https:\/\/fotodepenis.com\/famosos-nus\/fotos-de-marcio-aguiar-pelado-na-g-magazine\/#article","isPartOf":{"@id":"https:\/\/fotodepenis.com\/famosos-nus\/fotos-de-marcio-aguiar-pelado-na-g-magazine\/"},"author":{"name":"Homens Pelados","@id":"https:\/\/fotodepenis.com\/#\/schema\/person\/b134975191178c742f767879079e08e5"},"headline":"Fotos de Marcio Aguiar pelado na G Magazine","datePublished":"2022-10-07T21:32:27+00:00","mainEntityOfPage":{"@id":"https:\/\/fotodepenis.com\/famosos-nus\/fotos-de-marcio-aguiar-pelado-na-g-magazine\/"},"wordCount":116,"image":{"@id":"https:\/\/fotodepenis.com\/famosos-nus\/fotos-de-marcio-aguiar-pelado-na-g-magazine\/#primaryimage"},"thumbnailUrl":"https:\/\/fotodepenis.com\/wp-content\/uploads\/2022\/10\/fotos-de-marcio-aguiar-o-dancarino-pelado-na-g-magazine.jpg","keywords":["Famosos Pelados","Fotos de Rolas","G Magazine"],"articleSection":["Famosos nus"],"inLanguage":"pt-BR"},{"@type":"WebPage","@id":"https:\/\/fotodepenis.com\/famosos-nus\/fotos-de-marcio-aguiar-pelado-na-g-magazine\/","url":"https:\/\/fotodepenis.com\/famosos-nus\/fotos-de-marcio-aguiar-pelado-na-g-magazine\/","name":"Fotos de Marcio Aguiar pelado na G Magazine - Foto de Penis","isPartOf":{"@id":"https:\/\/fotodepenis.com\/#website"},"primaryImageOfPage":{"@id":"https:\/\/fotodepenis.com\/famosos-nus\/fotos-de-marcio-aguiar-pelado-na-g-magazine\/#primaryimage"},"image":{"@id":"https:\/\/fotodepenis.com\/famosos-nus\/fotos-de-marcio-aguiar-pelado-na-g-magazine\/#primaryimage"},"thumbnailUrl":"https:\/\/fotodepenis.com\/wp-content\/uploads\/2022\/10\/fotos-de-marcio-aguiar-o-dancarino-pelado-na-g-magazine.jpg","datePublished":"2022-10-07T21:32:27+00:00","author":{"@id":"https:\/\/fotodepenis.com\/#\/schema\/person\/b134975191178c742f767879079e08e5"},"description":"O ex-dan\u00e7arino da cantora Carla Perez, Marcio Aguiar posou completamente pelado e mostrou o p\u00eanis gostoso na revista gay G Magazine.","breadcrumb":{"@id":"https:\/\/fotodepenis.com\/famosos-nus\/fotos-de-marcio-aguiar-pelado-na-g-magazine\/#breadcrumb"},"inLanguage":"pt-BR","potentialAction":[{"@type":"ReadAction","target":["https:\/\/fotodepenis.com\/famosos-nus\/fotos-de-marcio-aguiar-pelado-na-g-magazine\/"]}]},{"@type":"ImageObject","inLanguage":"pt-BR","@id":"https:\/\/fotodepenis.com\/famosos-nus\/fotos-de-marcio-aguiar-pelado-na-g-magazine\/#primaryimage","url":"https:\/\/fotodepenis.com\/wp-content\/uploads\/2022\/10\/fotos-de-marcio-aguiar-o-dancarino-pelado-na-g-magazine.jpg","contentUrl":"https:\/\/fotodepenis.com\/wp-content\/uploads\/2022\/10\/fotos-de-marcio-aguiar-o-dancarino-pelado-na-g-magazine.jpg","width":580,"height":387,"caption":"Fotos de Marcio Aguiar pelado na G Magazine"},{"@type":"BreadcrumbList","@id":"https:\/\/fotodepenis.com\/famosos-nus\/fotos-de-marcio-aguiar-pelado-na-g-magazine\/#breadcrumb","itemListElement":[{"@type":"ListItem","position":1,"name":"In\u00edcio","item":"https:\/\/fotodepenis.com\/"},{"@type":"ListItem","position":2,"name":"Famosos nus","item":"https:\/\/fotodepenis.com\/famosos-nus\/"},{"@type":"ListItem","position":3,"name":"Fotos de Marcio Aguiar pelado na G Magazine"}]},{"@type":"WebSite","@id":"https:\/\/fotodepenis.com\/#website","url":"https:\/\/fotodepenis.com\/","name":"Foto de Penis","description":"Homens Pelados, Famosos nus, Foto de Pau","potentialAction":[{"@type":"SearchAction","target":{"@type":"EntryPoint","urlTemplate":"https:\/\/fotodepenis.com\/?s={search_term_string}"},"query-input":{"@type":"PropertyValueSpecification","valueRequired":true,"valueName":"search_term_string"}}],"inLanguage":"pt-BR"},{"@type":"Person","@id":"https:\/\/fotodepenis.com\/#\/schema\/person\/b134975191178c742f767879079e08e5","name":"Homens Pelados","image":{"@type":"ImageObject","inLanguage":"pt-BR","@id":"https:\/\/secure.gravatar.com\/avatar\/5e3c69029b825f9d3e95b5a21032e2935c6575f7b5ab42c97a483ceaadd660e2?s=96&d=mm&r=g","url":"https:\/\/secure.gravatar.com\/avatar\/5e3c69029b825f9d3e95b5a21032e2935c6575f7b5ab42c97a483ceaadd660e2?s=96&d=mm&r=g","contentUrl":"https:\/\/secure.gravatar.com\/avatar\/5e3c69029b825f9d3e95b5a21032e2935c6575f7b5ab42c97a483ceaadd660e2?s=96&d=mm&r=g","caption":"Homens Pelados"},"sameAs":["https:\/\/fotodepenis.com"]}]}},"_links":{"self":[{"href":"https:\/\/fotodepenis.com\/wp-json\/wp\/v2\/posts\/7859","targetHints":{"allow":["GET"]}}],"collection":[{"href":"https:\/\/fotodepenis.com\/wp-json\/wp\/v2\/posts"}],"about":[{"href":"https:\/\/fotodepenis.com\/wp-json\/wp\/v2\/types\/post"}],"author":[{"embeddable":true,"href":"https:\/\/fotodepenis.com\/wp-json\/wp\/v2\/users\/1"}],"replies":[{"embeddable":true,"href":"https:\/\/fotodepenis.com\/wp-json\/wp\/v2\/comments?post=7859"}],"version-history":[{"count":0,"href":"https:\/\/fotodepenis.com\/wp-json\/wp\/v2\/posts\/7859\/revisions"}],"wp:featuredmedia":[{"embeddable":true,"href":"https:\/\/fotodepenis.com\/wp-json\/wp\/v2\/media\/7860"}],"wp:attachment":[{"href":"https:\/\/fotodepenis.com\/wp-json\/wp\/v2\/media?parent=7859"}],"wp:term":[{"taxonomy":"category","embeddable":true,"href":"https:\/\/fotodepenis.com\/wp-json\/wp\/v2\/categories?post=7859"},{"taxonomy":"post_tag","embeddable":true,"href":"https:\/\/fotodepenis.com\/wp-json\/wp\/v2\/tags?post=7859"}],"curies":[{"name":"wp","href":"https:\/\/api.w.org\/{rel}","templated":true}]}}